{"id":2736,"date":"2022-04-22T14:55:58","date_gmt":"2022-04-22T11:55:58","guid":{"rendered":"https:\/\/jaslarnews.uznews.uz\/?p=2736"},"modified":"2022-04-22T14:55:58","modified_gmt":"2022-04-22T11:55:58","slug":"xojelide-galabaliq-ushirasiw-otkerildi","status":"publish","type":"post","link":"https:\/\/jaslarnews.uz\/uz\/2736.html","title":{"rendered":"Xojelide \u0123alabal\u0131q ush\u0131ras\u0131w \u00f2tkerildi"},"content":{"rendered":"<p>Us\u0131 j\u0131ld\u0131\u0144 12-aprel k\u00fani Xojeli rayon\u0131 1-sektor ayma\u0123\u0131 &laquo;Nawr\u0131z&raquo; MPJda \u0123alabal\u0131q ush\u0131ras\u0131w \u00f2tkerildi. Ush\u0131ras\u0131wda 5 jas \u00f2zlerini\u0144 us\u0131n\u0131s h\u00e1m mashqalalar\u0131 menen qatnast\u0131. 1 jast\u0131\u0144 m\u00far\u00e1jat\u0131 \u00f3z orn\u0131nda sheshilip, 2 jasqa t\u00fasinik berildi. 2 jast\u0131\u0144 m\u00far\u00e1jat\u0131 qada\u0123alaw\u0123a al\u0131nd\u0131.<\/p>\n<p><img loading=\"lazy\" decoding=\"async\" class=\"alignnone size-full wp-image-2738\" src=\"https:\/\/jaslarnews.uznews.uz\/wp-content\/uploads\/2022\/04\/photo_2022-04-21_20-42-30.jpg\" alt=\"\" width=\"1280\" height=\"853\" srcset=\"https:\/\/jaslarnews.uz\/wp-content\/uploads\/2022\/04\/photo_2022-04-21_20-42-30.jpg 1280w, https:\/\/jaslarnews.uz\/wp-content\/uploads\/2022\/04\/photo_2022-04-21_20-42-30-300x200.jpg 300w, https:\/\/jaslarnews.uz\/wp-content\/uploads\/2022\/04\/photo_2022-04-21_20-42-30-1024x682.jpg 1024w, https:\/\/jaslarnews.uz\/wp-content\/uploads\/2022\/04\/photo_2022-04-21_20-42-30-768x512.jpg 768w\" sizes=\"auto, (max-width: 1280px) 100vw, 1280px\" \/><br \/>\nSonday-aq, 21-aprel k\u00fani Xojeli rayon\u0131 &laquo;\u00c1miwdarya&raquo; APJ ayma\u0123\u0131nda \u0123alabal\u0131q qab\u0131llaw she\u0144berinde jaslar mashqalalar\u0131 \u00f9yrenildi. Ush\u0131ras\u0131w\u0123a 3-sektor basl\u0131\u0123\u0131 \u00d3.Turd\u0131baev<br \/>\nh\u00e1m Jaslar isleri agentligi Xojeli rayonl\u0131q b\u00f3limi basl\u0131\u0123\u0131 A.Ilmuratova h\u00e1mde m\u00e1keme, sh\u00f3lkemler qatnast\u0131. \u01f4alabal\u0131q k\u00f3shpeli qab\u0131llawda j\u00e1mi 8 jas qatnas\u0131p 5 m\u00e1sele k\u00f3terildi, 1 jast\u0131\u0144 mashqalas\u0131 \u00f3z orn\u0131nda sheshildi h\u00e1m 2 jasqa t\u00fasinik jumislari alip barilip, 2 jast\u0131\u0144 mashqalas\u0131 qada\u0123alaw\u0123a al\u0131nd\u0131.<\/p>\n<div class=\"gsp_post_data\" \r\n\t            data-post_type=\"post\" \r\n\t            data-cat=\"news,citynews\" \r\n\t            data-modified=\"120\"\r\n\t            data-created=\"1650639358\"\r\n\t            data-title=\"Xojelide \u0123alabal\u0131q ush\u0131ras\u0131w \u00f2tkerildi\" \r\n\t            data-home=\"https:\/\/jaslarnews.uz\/uz\"><\/div>","protected":false},"excerpt":{"rendered":"<p>Us\u0131 j\u0131ld\u0131\u0144 12-aprel k\u00fani Xojeli rayon\u0131 1-sektor ayma\u0123\u0131 &laquo;Nawr\u0131z&raquo; MPJda \u0123alabal\u0131q ush\u0131ras\u0131w \u00f2tkerildi. Ush\u0131ras\u0131wda 5 jas \u00f2zlerini\u0144 us\u0131n\u0131s h\u00e1m mashqalalar\u0131 menen qatnast\u0131. 1 jast\u0131\u0144 m\u00far\u00e1jat\u0131 \u00f3z orn\u0131nda sheshilip, 2 jasqa t\u00fasinik berildi. 2 jast\u0131\u0144 m\u00far\u00e1jat\u0131 qada\u0123alaw\u0123a al\u0131nd\u0131. Sonday-aq, 21-aprel k\u00fani Xojeli rayon\u0131 &laquo;\u00c1miwdarya&raquo; APJ ayma\u0123\u0131nda \u0123alabal\u0131q qab\u0131llaw she\u0144berinde jaslar mashqalalar\u0131 \u00f9yrenildi. Ush\u0131ras\u0131w\u0123a 3-sektor basl\u0131\u0123\u0131 \u00d3.Turd\u0131baev [&hellip;]<\/p>\n","protected":false},"author":2,"featured_media":2737,"comment_status":"closed","ping_status":"closed","sticky":false,"template":"","format":"standard","meta":{"footnotes":""},"categories":[4,39],"tags":[],"class_list":["post-2736","post","type-post","status-publish","format-standard","has-post-thumbnail","hentry","category-news","category-citynews"],"_links":{"self":[{"href":"https:\/\/jaslarnews.uz\/uz\/wp-json\/wp\/v2\/posts\/2736","targetHints":{"allow":["GET"]}}],"collection":[{"href":"https:\/\/jaslarnews.uz\/uz\/wp-json\/wp\/v2\/posts"}],"about":[{"href":"https:\/\/jaslarnews.uz\/uz\/wp-json\/wp\/v2\/types\/post"}],"author":[{"embeddable":true,"href":"https:\/\/jaslarnews.uz\/uz\/wp-json\/wp\/v2\/users\/2"}],"replies":[{"embeddable":true,"href":"https:\/\/jaslarnews.uz\/uz\/wp-json\/wp\/v2\/comments?post=2736"}],"version-history":[{"count":1,"href":"https:\/\/jaslarnews.uz\/uz\/wp-json\/wp\/v2\/posts\/2736\/revisions"}],"predecessor-version":[{"id":2739,"href":"https:\/\/jaslarnews.uz\/uz\/wp-json\/wp\/v2\/posts\/2736\/revisions\/2739"}],"wp:featuredmedia":[{"embeddable":true,"href":"https:\/\/jaslarnews.uz\/uz\/wp-json\/wp\/v2\/media\/2737"}],"wp:attachment":[{"href":"https:\/\/jaslarnews.uz\/uz\/wp-json\/wp\/v2\/media?parent=2736"}],"wp:term":[{"taxonomy":"category","embeddable":true,"href":"https:\/\/jaslarnews.uz\/uz\/wp-json\/wp\/v2\/categories?post=2736"},{"taxonomy":"post_tag","embeddable":true,"href":"https:\/\/jaslarnews.uz\/uz\/wp-json\/wp\/v2\/tags?post=2736"}],"curies":[{"name":"wp","href":"https:\/\/api.w.org\/{rel}","templated":true}]}}