{"id":1503,"date":"2022-03-18T08:16:33","date_gmt":"2022-03-18T05:16:33","guid":{"rendered":"https:\/\/jaslarnews.uznews.uz\/?p=1503"},"modified":"2022-03-18T08:16:33","modified_gmt":"2022-03-18T05:16:33","slug":"xojeli-rayoninda-jas-doretiwshiler-kutken-ushirasiw","status":"publish","type":"post","link":"https:\/\/jaslarnews.uz\/uz\/1503.html","title":{"rendered":"Xojeli rayon\u0131nda jas d\u00f3retiwshiler k\u00fatken ush\u0131ras\u0131w"},"content":{"rendered":"<p>Xojeli rayon\u0131 XBB ne qarasl\u0131 5-sanl\u0131 mektepte &laquo;Biz k\u00fatken ush\u0131ras\u0131w&raquo; keshesi bol\u0131p \u00f3tti. Bul ush\u0131ras\u0131wda &laquo;Jas d\u00f3retiwshiler&raquo; klub\u0131 bas koordinator\u0131 Allayar D\u00e1rmenov h\u00e1m us\u0131 klub a\u01f5zas\u0131 Aysara Allaniyazova miymanda bold\u0131.<br \/>\n<img loading=\"lazy\" decoding=\"async\" class=\"alignnone size-full wp-image-1505\" src=\"https:\/\/jaslarnews.uznews.uz\/wp-content\/uploads\/2022\/03\/photo_2022-03-16_20-59-05.jpg\" alt=\"\" width=\"1280\" height=\"960\" srcset=\"https:\/\/jaslarnews.uz\/wp-content\/uploads\/2022\/03\/photo_2022-03-16_20-59-05.jpg 1280w, https:\/\/jaslarnews.uz\/wp-content\/uploads\/2022\/03\/photo_2022-03-16_20-59-05-300x225.jpg 300w, https:\/\/jaslarnews.uz\/wp-content\/uploads\/2022\/03\/photo_2022-03-16_20-59-05-1024x768.jpg 1024w, https:\/\/jaslarnews.uz\/wp-content\/uploads\/2022\/03\/photo_2022-03-16_20-59-05-768x576.jpg 768w\" sizes=\"auto, (max-width: 1280px) 100vw, 1280px\" \/><\/p>\n<p>Ush\u0131ras\u0131w dawam\u0131nda jas d\u00f3retiwshiler oq\u0131wsh\u0131lar menen jaq\u0131nnan s\u00e1wbetlesti, olar\u01f5a klub haqq\u0131nda ke\u0144nen ma\u01f5l\u0131wmat berdi.<img loading=\"lazy\" decoding=\"async\" class=\"alignnone size-full wp-image-1507\" src=\"https:\/\/jaslarnews.uznews.uz\/wp-content\/uploads\/2022\/03\/photo_2022-03-16_20-59-16.jpg\" alt=\"\" width=\"1280\" height=\"960\" srcset=\"https:\/\/jaslarnews.uz\/wp-content\/uploads\/2022\/03\/photo_2022-03-16_20-59-16.jpg 1280w, https:\/\/jaslarnews.uz\/wp-content\/uploads\/2022\/03\/photo_2022-03-16_20-59-16-300x225.jpg 300w, https:\/\/jaslarnews.uz\/wp-content\/uploads\/2022\/03\/photo_2022-03-16_20-59-16-1024x768.jpg 1024w, https:\/\/jaslarnews.uz\/wp-content\/uploads\/2022\/03\/photo_2022-03-16_20-59-16-768x576.jpg 768w\" sizes=\"auto, (max-width: 1280px) 100vw, 1280px\" \/><\/p>\n<p>Keshe so\u0144\u0131nda miymanlar\u01f5a mektep oq\u0131wsh\u0131lar\u0131 t\u00e1repinen sh\u00f3lkemlestirilgen koncert ba\u01f5darlamas\u0131 qoy\u0131p berildi.<\/p>\n<div class=\"gsp_post_data\" \r\n\t            data-post_type=\"post\" \r\n\t            data-cat=\"citynews\" \r\n\t            data-modified=\"120\"\r\n\t            data-created=\"1647591393\"\r\n\t            data-title=\"Xojeli rayon\u0131nda jas d\u00f3retiwshiler k\u00fatken ush\u0131ras\u0131w\" \r\n\t            data-home=\"https:\/\/jaslarnews.uz\/uz\"><\/div>","protected":false},"excerpt":{"rendered":"<p>Xojeli rayon\u0131 XBB ne qarasl\u0131 5-sanl\u0131 mektepte &laquo;Biz k\u00fatken ush\u0131ras\u0131w&raquo; keshesi bol\u0131p \u00f3tti. Bul ush\u0131ras\u0131wda &laquo;Jas d\u00f3retiwshiler&raquo; klub\u0131 bas koordinator\u0131 Allayar D\u00e1rmenov h\u00e1m us\u0131 klub a\u01f5zas\u0131 Aysara Allaniyazova miymanda bold\u0131. Ush\u0131ras\u0131w dawam\u0131nda jas d\u00f3retiwshiler oq\u0131wsh\u0131lar menen jaq\u0131nnan s\u00e1wbetlesti, olar\u01f5a klub haqq\u0131nda ke\u0144nen ma\u01f5l\u0131wmat berdi. Keshe so\u0144\u0131nda miymanlar\u01f5a mektep oq\u0131wsh\u0131lar\u0131 t\u00e1repinen sh\u00f3lkemlestirilgen koncert ba\u01f5darlamas\u0131 qoy\u0131p berildi.<\/p>\n","protected":false},"author":2,"featured_media":1504,"comment_status":"closed","ping_status":"closed","sticky":false,"template":"","format":"standard","meta":{"footnotes":""},"categories":[39],"tags":[],"class_list":["post-1503","post","type-post","status-publish","format-standard","has-post-thumbnail","hentry","category-citynews"],"_links":{"self":[{"href":"https:\/\/jaslarnews.uz\/uz\/wp-json\/wp\/v2\/posts\/1503","targetHints":{"allow":["GET"]}}],"collection":[{"href":"https:\/\/jaslarnews.uz\/uz\/wp-json\/wp\/v2\/posts"}],"about":[{"href":"https:\/\/jaslarnews.uz\/uz\/wp-json\/wp\/v2\/types\/post"}],"author":[{"embeddable":true,"href":"https:\/\/jaslarnews.uz\/uz\/wp-json\/wp\/v2\/users\/2"}],"replies":[{"embeddable":true,"href":"https:\/\/jaslarnews.uz\/uz\/wp-json\/wp\/v2\/comments?post=1503"}],"version-history":[{"count":1,"href":"https:\/\/jaslarnews.uz\/uz\/wp-json\/wp\/v2\/posts\/1503\/revisions"}],"predecessor-version":[{"id":1508,"href":"https:\/\/jaslarnews.uz\/uz\/wp-json\/wp\/v2\/posts\/1503\/revisions\/1508"}],"wp:featuredmedia":[{"embeddable":true,"href":"https:\/\/jaslarnews.uz\/uz\/wp-json\/wp\/v2\/media\/1504"}],"wp:attachment":[{"href":"https:\/\/jaslarnews.uz\/uz\/wp-json\/wp\/v2\/media?parent=1503"}],"wp:term":[{"taxonomy":"category","embeddable":true,"href":"https:\/\/jaslarnews.uz\/uz\/wp-json\/wp\/v2\/categories?post=1503"},{"taxonomy":"post_tag","embeddable":true,"href":"https:\/\/jaslarnews.uz\/uz\/wp-json\/wp\/v2\/tags?post=1503"}],"curies":[{"name":"wp","href":"https:\/\/api.w.org\/{rel}","templated":true}]}}